{"id":3047,"date":"2019-05-27T10:32:13","date_gmt":"2019-05-27T08:32:13","guid":{"rendered":"https:\/\/www.gemeinde-untermarchtal.de\/?p=3047"},"modified":"2020-05-04T13:37:41","modified_gmt":"2020-05-04T11:37:41","slug":"gemeinderatswahl-untermarchtal-2019","status":"publish","type":"post","link":"https:\/\/www.gemeinde-untermarchtal.de\/index.php\/2019\/05\/27\/gemeinderatswahl-untermarchtal-2019\/","title":{"rendered":"Gemeinderatswahl Untermarchtal 2019"},"content":{"rendered":"Die Wahlergebnisse zur Gemeinderatswahl 2019:\n(Alphabetische Reihenfolge)\n<ul>\n \t<li>Gew\u00e4hlt: Aierstock, Manuela (316 Stimmen)<\/li>\n \t<li>Gew\u00e4hlt: Gehlhoff, Florian (371 Stimmen)<\/li>\n \t<li>Gew\u00e4hlt: H\u00e4rle, Carmen (419 Stimmen)<\/li>\n \t<li>Gew\u00e4hlt: Maurer, Joachim (348 Stimmen)<\/li>\n \t<li>Gew\u00e4hlt: Merkle, Wolfgang (379 Stimmen)<\/li>\n \t<li>Gew\u00e4hlt: Radeck, Georg (304 Stimmen)<\/li>\n \t<li>Gew\u00e4hlt: Schneider, Hubert (289 Stimmen)<\/li>\n \t<li>Gew\u00e4hlt: Traub, Josef (388 Stimmen)<\/li>\n \t<li>Ersatzkandidat: Sentfleben, Dominik (259 Stimmen)<\/li>\n<\/ul>\n<ul>\n \t<li>Dar\u00fcber hinaus gab es 50 Splitterstimmen f\u00fcr insgesamt 28 Personen.<\/li>\n<\/ul>\nDie Sitze im kommenden Gemeinderat Untermarchtal nehmen ein:\n(Alphabetische Reihenfolge)\n<ul>\n \t<li>Aierstock, Manuela<\/li>\n \t<li>Gehlhoff, Florian<\/li>\n \t<li>H\u00e4rle, Carmen<\/li>\n \t<li>Maurer, Joachim<\/li>\n \t<li>Merkle, Wolfgang<\/li>\n \t<li>Radeck, Georg<\/li>\n \t<li>Schneider, Hubert<\/li>\n \t<li>Traub, Josef<\/li>\n<\/ul>\n<h3>Wahlergebnisse Europawahl und Gemeinderatswahl:<\/h3>\n<ul>\n \t<li><a href=\"https:\/\/www.gemeinde-untermarchtal.de\/bilder\/Amtlicher-Stimmzettel-Gemeinderat.pdf\" rel=\"noopener noreferrer\" target=\"_blank\">Amtlicher Stimmzettel Gemeinderat<\/a><\/li>\n \t<li><a href=\"https:\/\/www.gemeinde-untermarchtal.de\/bilder\/Schnellmeldung_Europawahl.pdf\" rel=\"noopener noreferrer\" target=\"_blank\">Schnellmeldung Europawahl<\/a><\/li>\n \t<li><a href=\"https:\/\/www.gemeinde-untermarchtal.de\/bilder\/Schnellmeldung-Kreistagswahl.pdf\" rel=\"noopener noreferrer\" target=\"_blank\">Schnellmeldung Kreistagswahl<\/a><\/li>\n<\/ul>","protected":false},"excerpt":{"rendered":"<p>Die Wahlergebnisse zur Gemeinderatswahl 2019: (Alphabetische Reihenfolge) Gew\u00e4hlt: Aierstock, Manuela (316 Stimmen) Gew\u00e4hlt: Gehlhoff, Florian (371 Stimmen) Gew\u00e4hlt: H\u00e4rle, Carmen (419 Stimmen) Gew\u00e4hlt: Maurer, Joachim (348 Stimmen) Gew\u00e4hlt: Merkle, Wolfgang (379 Stimmen) Gew\u00e4hlt: Radeck, Georg (304 Stimmen) Gew\u00e4hlt: Schneider, Hubert (289 Stimmen) Gew\u00e4hlt: Traub, Josef (388 Stimmen) Ersatzkandidat: Sentfleben, Dominik (259 Stimmen) Dar\u00fcber hinaus gab [&hellip;]<\/p>\n","protected":false},"author":1,"featured_media":0,"comment_status":"open","ping_status":"open","sticky":false,"template":"","format":"standard","meta":{"_acf_changed":false,"footnotes":""},"categories":[1],"tags":[],"class_list":["post-3047","post","type-post","status-publish","format-standard","hentry","category-buergerinfo"],"acf":[],"yoast_head":"<!-- This site is optimized with the Yoast SEO plugin v26.7 - https:\/\/yoast.com\/wordpress\/plugins\/seo\/ -->\n<title>Gemeinderatswahl Untermarchtal 2019 - Gemeinde Untermarchtal<\/title>\n<meta name=\"robots\" content=\"index, follow, max-snippet:-1, max-image-preview:large, max-video-preview:-1\" \/>\n<link rel=\"canonical\" href=\"https:\/\/www.gemeinde-untermarchtal.de\/index.php\/2019\/05\/27\/gemeinderatswahl-untermarchtal-2019\/\" \/>\n<meta property=\"og:locale\" content=\"de_DE\" \/>\n<meta property=\"og:type\" content=\"article\" \/>\n<meta property=\"og:title\" content=\"Gemeinderatswahl Untermarchtal 2019 - Gemeinde Untermarchtal\" \/>\n<meta property=\"og:description\" content=\"Die Wahlergebnisse zur Gemeinderatswahl 2019: (Alphabetische Reihenfolge) Gew\u00e4hlt: Aierstock, Manuela (316 Stimmen) Gew\u00e4hlt: Gehlhoff, Florian (371 Stimmen) Gew\u00e4hlt: H\u00e4rle, Carmen (419 Stimmen) Gew\u00e4hlt: Maurer, Joachim (348 Stimmen) Gew\u00e4hlt: Merkle, Wolfgang (379 Stimmen) Gew\u00e4hlt: Radeck, Georg (304 Stimmen) Gew\u00e4hlt: Schneider, Hubert (289 Stimmen) Gew\u00e4hlt: Traub, Josef (388 Stimmen) Ersatzkandidat: Sentfleben, Dominik (259 Stimmen) Dar\u00fcber hinaus gab [&hellip;]\" \/>\n<meta property=\"og:url\" content=\"https:\/\/www.gemeinde-untermarchtal.de\/index.php\/2019\/05\/27\/gemeinderatswahl-untermarchtal-2019\/\" \/>\n<meta property=\"og:site_name\" content=\"Gemeinde Untermarchtal\" \/>\n<meta property=\"article:published_time\" content=\"2019-05-27T08:32:13+00:00\" \/>\n<meta property=\"article:modified_time\" content=\"2020-05-04T11:37:41+00:00\" \/>\n<meta name=\"author\" content=\"Gemeindeverwaltung Untermarchtal\" \/>\n<meta name=\"twitter:card\" content=\"summary_large_image\" \/>\n<meta name=\"twitter:label1\" content=\"Verfasst von\" \/>\n\t<meta name=\"twitter:data1\" content=\"Gemeindeverwaltung Untermarchtal\" \/>\n<script type=\"application\/ld+json\" class=\"yoast-schema-graph\">{\"@context\":\"https:\/\/schema.org\",\"@graph\":[{\"@type\":\"Article\",\"@id\":\"https:\/\/www.gemeinde-untermarchtal.de\/index.php\/2019\/05\/27\/gemeinderatswahl-untermarchtal-2019\/#article\",\"isPartOf\":{\"@id\":\"https:\/\/www.gemeinde-untermarchtal.de\/index.php\/2019\/05\/27\/gemeinderatswahl-untermarchtal-2019\/\"},\"author\":{\"name\":\"Gemeindeverwaltung Untermarchtal\",\"@id\":\"https:\/\/www.gemeinde-untermarchtal.de\/#\/schema\/person\/9a8089e954b17f8b851ea77eae7144d4\"},\"headline\":\"Gemeinderatswahl Untermarchtal 2019\",\"datePublished\":\"2019-05-27T08:32:13+00:00\",\"dateModified\":\"2020-05-04T11:37:41+00:00\",\"mainEntityOfPage\":{\"@id\":\"https:\/\/www.gemeinde-untermarchtal.de\/index.php\/2019\/05\/27\/gemeinderatswahl-untermarchtal-2019\/\"},\"wordCount\":101,\"commentCount\":0,\"articleSection\":[\"B\u00fcrgerinfo\"],\"inLanguage\":\"de\",\"potentialAction\":[{\"@type\":\"CommentAction\",\"name\":\"Comment\",\"target\":[\"https:\/\/www.gemeinde-untermarchtal.de\/index.php\/2019\/05\/27\/gemeinderatswahl-untermarchtal-2019\/#respond\"]}]},{\"@type\":\"WebPage\",\"@id\":\"https:\/\/www.gemeinde-untermarchtal.de\/index.php\/2019\/05\/27\/gemeinderatswahl-untermarchtal-2019\/\",\"url\":\"https:\/\/www.gemeinde-untermarchtal.de\/index.php\/2019\/05\/27\/gemeinderatswahl-untermarchtal-2019\/\",\"name\":\"Gemeinderatswahl Untermarchtal 2019 - Gemeinde Untermarchtal\",\"isPartOf\":{\"@id\":\"https:\/\/www.gemeinde-untermarchtal.de\/#website\"},\"datePublished\":\"2019-05-27T08:32:13+00:00\",\"dateModified\":\"2020-05-04T11:37:41+00:00\",\"author\":{\"@id\":\"https:\/\/www.gemeinde-untermarchtal.de\/#\/schema\/person\/9a8089e954b17f8b851ea77eae7144d4\"},\"breadcrumb\":{\"@id\":\"https:\/\/www.gemeinde-untermarchtal.de\/index.php\/2019\/05\/27\/gemeinderatswahl-untermarchtal-2019\/#breadcrumb\"},\"inLanguage\":\"de\",\"potentialAction\":[{\"@type\":\"ReadAction\",\"target\":[\"https:\/\/www.gemeinde-untermarchtal.de\/index.php\/2019\/05\/27\/gemeinderatswahl-untermarchtal-2019\/\"]}]},{\"@type\":\"BreadcrumbList\",\"@id\":\"https:\/\/www.gemeinde-untermarchtal.de\/index.php\/2019\/05\/27\/gemeinderatswahl-untermarchtal-2019\/#breadcrumb\",\"itemListElement\":[{\"@type\":\"ListItem\",\"position\":1,\"name\":\"Startseite\",\"item\":\"https:\/\/www.gemeinde-untermarchtal.de\/\"},{\"@type\":\"ListItem\",\"position\":2,\"name\":\"Gemeinderatswahl Untermarchtal 2019\"}]},{\"@type\":\"WebSite\",\"@id\":\"https:\/\/www.gemeinde-untermarchtal.de\/#website\",\"url\":\"https:\/\/www.gemeinde-untermarchtal.de\/\",\"name\":\"Gemeinde Untermarchtal\",\"description\":\"Gemeinde Untermarchtal\",\"potentialAction\":[{\"@type\":\"SearchAction\",\"target\":{\"@type\":\"EntryPoint\",\"urlTemplate\":\"https:\/\/www.gemeinde-untermarchtal.de\/?s={search_term_string}\"},\"query-input\":{\"@type\":\"PropertyValueSpecification\",\"valueRequired\":true,\"valueName\":\"search_term_string\"}}],\"inLanguage\":\"de\"},{\"@type\":\"Person\",\"@id\":\"https:\/\/www.gemeinde-untermarchtal.de\/#\/schema\/person\/9a8089e954b17f8b851ea77eae7144d4\",\"name\":\"Gemeindeverwaltung Untermarchtal\",\"url\":\"https:\/\/www.gemeinde-untermarchtal.de\/index.php\/author\/wp_untermarchtal\/\"}]}<\/script>\n<!-- \/ Yoast SEO plugin. -->","yoast_head_json":{"title":"Gemeinderatswahl Untermarchtal 2019 - Gemeinde Untermarchtal","robots":{"index":"index","follow":"follow","max-snippet":"max-snippet:-1","max-image-preview":"max-image-preview:large","max-video-preview":"max-video-preview:-1"},"canonical":"https:\/\/www.gemeinde-untermarchtal.de\/index.php\/2019\/05\/27\/gemeinderatswahl-untermarchtal-2019\/","og_locale":"de_DE","og_type":"article","og_title":"Gemeinderatswahl Untermarchtal 2019 - Gemeinde Untermarchtal","og_description":"Die Wahlergebnisse zur Gemeinderatswahl 2019: (Alphabetische Reihenfolge) Gew\u00e4hlt: Aierstock, Manuela (316 Stimmen) Gew\u00e4hlt: Gehlhoff, Florian (371 Stimmen) Gew\u00e4hlt: H\u00e4rle, Carmen (419 Stimmen) Gew\u00e4hlt: Maurer, Joachim (348 Stimmen) Gew\u00e4hlt: Merkle, Wolfgang (379 Stimmen) Gew\u00e4hlt: Radeck, Georg (304 Stimmen) Gew\u00e4hlt: Schneider, Hubert (289 Stimmen) Gew\u00e4hlt: Traub, Josef (388 Stimmen) Ersatzkandidat: Sentfleben, Dominik (259 Stimmen) Dar\u00fcber hinaus gab [&hellip;]","og_url":"https:\/\/www.gemeinde-untermarchtal.de\/index.php\/2019\/05\/27\/gemeinderatswahl-untermarchtal-2019\/","og_site_name":"Gemeinde Untermarchtal","article_published_time":"2019-05-27T08:32:13+00:00","article_modified_time":"2020-05-04T11:37:41+00:00","author":"Gemeindeverwaltung Untermarchtal","twitter_card":"summary_large_image","twitter_misc":{"Verfasst von":"Gemeindeverwaltung Untermarchtal"},"schema":{"@context":"https:\/\/schema.org","@graph":[{"@type":"Article","@id":"https:\/\/www.gemeinde-untermarchtal.de\/index.php\/2019\/05\/27\/gemeinderatswahl-untermarchtal-2019\/#article","isPartOf":{"@id":"https:\/\/www.gemeinde-untermarchtal.de\/index.php\/2019\/05\/27\/gemeinderatswahl-untermarchtal-2019\/"},"author":{"name":"Gemeindeverwaltung Untermarchtal","@id":"https:\/\/www.gemeinde-untermarchtal.de\/#\/schema\/person\/9a8089e954b17f8b851ea77eae7144d4"},"headline":"Gemeinderatswahl Untermarchtal 2019","datePublished":"2019-05-27T08:32:13+00:00","dateModified":"2020-05-04T11:37:41+00:00","mainEntityOfPage":{"@id":"https:\/\/www.gemeinde-untermarchtal.de\/index.php\/2019\/05\/27\/gemeinderatswahl-untermarchtal-2019\/"},"wordCount":101,"commentCount":0,"articleSection":["B\u00fcrgerinfo"],"inLanguage":"de","potentialAction":[{"@type":"CommentAction","name":"Comment","target":["https:\/\/www.gemeinde-untermarchtal.de\/index.php\/2019\/05\/27\/gemeinderatswahl-untermarchtal-2019\/#respond"]}]},{"@type":"WebPage","@id":"https:\/\/www.gemeinde-untermarchtal.de\/index.php\/2019\/05\/27\/gemeinderatswahl-untermarchtal-2019\/","url":"https:\/\/www.gemeinde-untermarchtal.de\/index.php\/2019\/05\/27\/gemeinderatswahl-untermarchtal-2019\/","name":"Gemeinderatswahl Untermarchtal 2019 - Gemeinde Untermarchtal","isPartOf":{"@id":"https:\/\/www.gemeinde-untermarchtal.de\/#website"},"datePublished":"2019-05-27T08:32:13+00:00","dateModified":"2020-05-04T11:37:41+00:00","author":{"@id":"https:\/\/www.gemeinde-untermarchtal.de\/#\/schema\/person\/9a8089e954b17f8b851ea77eae7144d4"},"breadcrumb":{"@id":"https:\/\/www.gemeinde-untermarchtal.de\/index.php\/2019\/05\/27\/gemeinderatswahl-untermarchtal-2019\/#breadcrumb"},"inLanguage":"de","potentialAction":[{"@type":"ReadAction","target":["https:\/\/www.gemeinde-untermarchtal.de\/index.php\/2019\/05\/27\/gemeinderatswahl-untermarchtal-2019\/"]}]},{"@type":"BreadcrumbList","@id":"https:\/\/www.gemeinde-untermarchtal.de\/index.php\/2019\/05\/27\/gemeinderatswahl-untermarchtal-2019\/#breadcrumb","itemListElement":[{"@type":"ListItem","position":1,"name":"Startseite","item":"https:\/\/www.gemeinde-untermarchtal.de\/"},{"@type":"ListItem","position":2,"name":"Gemeinderatswahl Untermarchtal 2019"}]},{"@type":"WebSite","@id":"https:\/\/www.gemeinde-untermarchtal.de\/#website","url":"https:\/\/www.gemeinde-untermarchtal.de\/","name":"Gemeinde Untermarchtal","description":"Gemeinde Untermarchtal","potentialAction":[{"@type":"SearchAction","target":{"@type":"EntryPoint","urlTemplate":"https:\/\/www.gemeinde-untermarchtal.de\/?s={search_term_string}"},"query-input":{"@type":"PropertyValueSpecification","valueRequired":true,"valueName":"search_term_string"}}],"inLanguage":"de"},{"@type":"Person","@id":"https:\/\/www.gemeinde-untermarchtal.de\/#\/schema\/person\/9a8089e954b17f8b851ea77eae7144d4","name":"Gemeindeverwaltung Untermarchtal","url":"https:\/\/www.gemeinde-untermarchtal.de\/index.php\/author\/wp_untermarchtal\/"}]}},"_links":{"self":[{"href":"https:\/\/www.gemeinde-untermarchtal.de\/index.php\/wp-json\/wp\/v2\/posts\/3047","targetHints":{"allow":["GET"]}}],"collection":[{"href":"https:\/\/www.gemeinde-untermarchtal.de\/index.php\/wp-json\/wp\/v2\/posts"}],"about":[{"href":"https:\/\/www.gemeinde-untermarchtal.de\/index.php\/wp-json\/wp\/v2\/types\/post"}],"author":[{"embeddable":true,"href":"https:\/\/www.gemeinde-untermarchtal.de\/index.php\/wp-json\/wp\/v2\/users\/1"}],"replies":[{"embeddable":true,"href":"https:\/\/www.gemeinde-untermarchtal.de\/index.php\/wp-json\/wp\/v2\/comments?post=3047"}],"version-history":[{"count":11,"href":"https:\/\/www.gemeinde-untermarchtal.de\/index.php\/wp-json\/wp\/v2\/posts\/3047\/revisions"}],"predecessor-version":[{"id":3433,"href":"https:\/\/www.gemeinde-untermarchtal.de\/index.php\/wp-json\/wp\/v2\/posts\/3047\/revisions\/3433"}],"wp:attachment":[{"href":"https:\/\/www.gemeinde-untermarchtal.de\/index.php\/wp-json\/wp\/v2\/media?parent=3047"}],"wp:term":[{"taxonomy":"category","embeddable":true,"href":"https:\/\/www.gemeinde-untermarchtal.de\/index.php\/wp-json\/wp\/v2\/categories?post=3047"},{"taxonomy":"post_tag","embeddable":true,"href":"https:\/\/www.gemeinde-untermarchtal.de\/index.php\/wp-json\/wp\/v2\/tags?post=3047"}],"curies":[{"name":"wp","href":"https:\/\/api.w.org\/{rel}","templated":true}]}}